{"id":5754,"date":"2014-02-05T12:48:00","date_gmt":"2014-02-05T10:48:00","guid":{"rendered":"https:\/\/www.vask.edu.ee\/wp\/?p=5754"},"modified":"2014-02-14T14:28:04","modified_gmt":"2014-02-14T12:28:04","slug":"vabariikliku-ajaloo-olumpiaadi-maakonnavoor-viimsis","status":"publish","type":"post","link":"https:\/\/www.vask.edu.ee\/wp\/vabariikliku-ajaloo-olumpiaadi-maakonnavoor-viimsis","title":{"rendered":"Vabariikliku ajaloo-ol\u00fcmpiaadi maakonnavoor Viimsis"},"content":{"rendered":"<p>Osalevad Alo Martin Pallase, Geethe Pikkp\u00f5ld, Maarja Tensbek, Kirkke Eliise P\u00f5ldsalu ja Reelika Hunt. V\u00e4ljas\u00f5it kell 8.30. \u00d5pilastega kaasas \u00f5p Eli Kraft.<\/p>\n","protected":false},"excerpt":{"rendered":"<p>Osalevad Alo Martin Pallase, Geethe Pikkp\u00f5ld, Maarja Tensbek, Kirkke Eliise P\u00f5ldsalu ja Reelika Hunt. V\u00e4ljas\u00f5it kell 8.30. \u00d5pilastega kaasas \u00f5p Eli Kraft.<\/p>\n","protected":false},"author":2,"featured_media":0,"comment_status":"closed","ping_status":"closed","sticky":false,"template":"","format":"standard","meta":{"ngg_post_thumbnail":0},"categories":[1],"tags":[],"_links":{"self":[{"href":"https:\/\/www.vask.edu.ee\/wp\/wp-json\/wp\/v2\/posts\/5754"}],"collection":[{"href":"https:\/\/www.vask.edu.ee\/wp\/wp-json\/wp\/v2\/posts"}],"about":[{"href":"https:\/\/www.vask.edu.ee\/wp\/wp-json\/wp\/v2\/types\/post"}],"author":[{"embeddable":true,"href":"https:\/\/www.vask.edu.ee\/wp\/wp-json\/wp\/v2\/users\/2"}],"replies":[{"embeddable":true,"href":"https:\/\/www.vask.edu.ee\/wp\/wp-json\/wp\/v2\/comments?post=5754"}],"version-history":[{"count":0,"href":"https:\/\/www.vask.edu.ee\/wp\/wp-json\/wp\/v2\/posts\/5754\/revisions"}],"wp:attachment":[{"href":"https:\/\/www.vask.edu.ee\/wp\/wp-json\/wp\/v2\/media?parent=5754"}],"wp:term":[{"taxonomy":"category","embeddable":true,"href":"https:\/\/www.vask.edu.ee\/wp\/wp-json\/wp\/v2\/categories?post=5754"},{"taxonomy":"post_tag","embeddable":true,"href":"https:\/\/www.vask.edu.ee\/wp\/wp-json\/wp\/v2\/tags?post=5754"}],"curies":[{"name":"wp","href":"https:\/\/api.w.org\/{rel}","templated":true}]}}